{"id":8919,"date":"2023-05-16T09:41:52","date_gmt":"2023-05-16T07:41:52","guid":{"rendered":"https:\/\/www.revis3d.com\/cms\/?p=8919"},"modified":"2023-07-14T12:20:41","modified_gmt":"2023-07-14T10:20:41","slug":"cad2vr-mehrbenutzer-hannover-messe","status":"publish","type":"post","link":"https:\/\/www.revis3d.com\/cms\/de\/cad2vr-mehrbenutzer-hannover-messe\/","title":{"rendered":"revis3d pr\u00e4sentiert CAD2VR\u00ae Mehrbenutzer Unterst\u00fctzung auf der Hannover Messe&nbsp;2023"},"content":{"rendered":"<div class=\"fusion-fullwidth fullwidth-box fusion-builder-row-1 nonhundred-percent-fullwidth non-hundred-percent-height-scrolling\" style=\"background-color: rgba(41,41,42,0);background-position: center center;background-repeat: no-repeat;padding-top:0px;padding-right:0px;padding-bottom:0px;padding-left:0px;margin-bottom: 0px;margin-top: 0px;border-width: 0px 0px 0px 0px;border-color:#3e3e3e;border-style:solid;\"><div class=\"fusion-builder-row fusion-row\"><div class=\"fusion-layout-column fusion_builder_column fusion-builder-column-0 fusion_builder_column_1_6 1_6 fusion-one-sixth fusion-column-first\" style=\"width:16.666666666667%;width:calc(16.666666666667% - ( ( 4% + 4% ) * 0.16666666666667 ) );margin-right: 4%;margin-top:0px;margin-bottom:20px;\"><div class=\"fusion-column-wrapper fusion-flex-column-wrapper-legacy\" style=\"background-position:left top;background-repeat:no-repeat;-webkit-background-size:cover;-moz-background-size:cover;-o-background-size:cover;background-size:cover;padding: 0px 0px 0px 0px;\"><div class=\"fusion-clearfix\"><\/div><\/div><\/div><div class=\"fusion-layout-column fusion_builder_column fusion-builder-column-1 fusion_builder_column_2_3 2_3 fusion-two-third\" style=\"width:66.666666666667%;width:calc(66.666666666667% - ( ( 4% + 4% ) * 0.66666666666667 ) );margin-right: 4%;margin-top:0px;margin-bottom:100px;\"><div class=\"fusion-column-wrapper fusion-flex-column-wrapper-legacy\" style=\"background-position:left top;background-repeat:no-repeat;-webkit-background-size:cover;-moz-background-size:cover;-o-background-size:cover;background-size:cover;padding: 0px 0px 0px 0px;\"><div class=\"fusion-text fusion-text-1\"><p><strong>15.05.2023<\/strong><\/p>\n<\/div><div class=\"fusion-text fusion-text-2\"><h1>Hannover Messe: revis3d pr\u00e4sentiert Mehrbenutzer Unterst\u00fctzung f\u00fcr&nbsp;CAD2VR\u00ae<\/h1>\n<p>Auf dem Gemein\u00adschafts\u00adstand Nie\u00adder\u00adsach\u00adsen pr\u00e4\u00adsen\u00adtierte revis3d im April 2023 die neue Mehr\u00adbe\u00adnut\u00adzer Unter\u00adst\u00fct\u00adzung f\u00fcr CAD2VR\u00ae auf der Han\u00adno\u00adver Messe. Damit ist es m\u00f6g\u00adlich, 3D CAD-Modelle gemein\u00adsam mit ande\u00adren Per\u00adso\u00adnen \u00fcber ver\u00adteilte Stand\u00adorte vir\u00adtu\u00adell zu bege\u00adhen. Ben\u00f6\u00adtigt wird daf\u00fcr eine VR-Brille, wie bei\u00adspiels\u00adweise die Ocu\u00adlus Quest 2&nbsp;oder Win\u00addows Mixed&nbsp;Reality.<\/p>\n<\/div><div class=\"imageframe-align-center\"><span class=\" fusion-imageframe imageframe-none imageframe-1 hover-type-none\" style=\"margin-bottom:64px;\"><img width=\"800\" height=\"446\" title=\"HM23_\u200bFWW_\u200b228\" src=\"https:\/\/www.revis3d.com\/cms\/wp-content\/uploads\/2023\/05\/HM23_FWW_228-scaled-e1684219812160.jpg\" data-orig-src=\"https:\/\/www.revis3d.com\/cms\/wp-content\/uploads\/2023\/05\/HM23_FWW_228-scaled-e1684219812160-800x446.jpg\" class=\"lazyload img-responsive wp-image-8918\" srcset=\"data:image\/svg+xml,%3Csvg%20xmlns%3D%27http%3A%2F%2Fwww.w3.org%2F2000%2Fsvg%27%20width%3D%272560%27%20height%3D%271427%27%20viewBox%3D%270%200%202560%201427%27%3E%3Crect%20width%3D%272560%27%20height%3D%271427%27%20fill-opacity%3D%220%22%2F%3E%3C%2Fsvg%3E\" data-srcset=\"https:\/\/www.revis3d.com\/cms\/wp-content\/uploads\/2023\/05\/HM23_FWW_228-scaled-e1684219812160-200x111.jpg 200w, https:\/\/www.revis3d.com\/cms\/wp-content\/uploads\/2023\/05\/HM23_FWW_228-scaled-e1684219812160-400x223.jpg 400w, https:\/\/www.revis3d.com\/cms\/wp-content\/uploads\/2023\/05\/HM23_FWW_228-scaled-e1684219812160-600x334.jpg 600w, https:\/\/www.revis3d.com\/cms\/wp-content\/uploads\/2023\/05\/HM23_FWW_228-scaled-e1684219812160-800x446.jpg 800w, https:\/\/www.revis3d.com\/cms\/wp-content\/uploads\/2023\/05\/HM23_FWW_228-scaled-e1684219812160-1200x669.jpg 1200w\" data-sizes=\"auto\" data-orig-sizes=\"(max-width: 800px) 100vw, 800px\"><\/span><\/div><div class=\"fusion-text fusion-text-3\"><p>Die Soft\u00adware ist hilf\u00adreich bei der Pro\u00addukt\u00adent\u00adwick\u00adlung, wenn meh\u00adrere Ent\u00adwick\u00adler zusam\u00admen arbei\u00adten. Auch im Ver\u00adtrieb kann die Soft\u00adware, bei\u00adspiels\u00adweise zur Pr\u00e4\u00adsen\u00adta\u00adtion von Anla\u00adgen oder Pro\u00adjekt\u00adda\u00adten, ein\u00adge\u00adsetzt wer\u00adden. Durch die M\u00f6g\u00adlich\u00adkeit, sich \u00fcber das Inter\u00adnet zu ver\u00adbin\u00adden, k\u00f6n\u00adnen Anwen\u00adder sich vir\u00adtu\u00adell tref\u00adfen und Rei\u00adse\u00adkos\u00adten&nbsp;sparen.<\/p>\n<\/div><div class=\"fusion-button-wrapper\"><style type=\"text\/css\">.fusion-button.button-1 {border-radius:0px;}<\/style><a class=\"fusion-button button-flat fusion-button-default-size button-default button-1 fusion-button-default-span fusion-button-default-type\" target=\"_self\" href=\"https:\/\/www.revis3d.com\/cms\/de\/apps\/cad2vr\/\"><span class=\"fusion-button-text\">Gehe zu&nbsp;CAD2VR\u00ae<\/span><\/a><\/div><div class=\"fusion-clearfix\"><\/div><\/div><\/div><div class=\"fusion-layout-column fusion_builder_column fusion-builder-column-2 fusion_builder_column_1_6 1_6 fusion-one-sixth fusion-column-last\" style=\"width:16.666666666667%;width:calc(16.666666666667% - ( ( 4% + 4% ) * 0.16666666666667 ) );margin-top:0px;margin-bottom:20px;\"><div class=\"fusion-column-wrapper fusion-flex-column-wrapper-legacy\" style=\"background-position:left top;background-repeat:no-repeat;-webkit-background-size:cover;-moz-background-size:cover;-o-background-size:cover;background-size:cover;padding: 0px 0px 0px 0px;\"><div class=\"fusion-clearfix\"><\/div><\/div><\/div><\/div><\/div>\n","protected":false},"excerpt":{"rendered":"","protected":false},"author":2,"featured_media":8917,"comment_status":"closed","ping_status":"closed","sticky":false,"template":"","format":"standard","meta":{"wp_typography_post_enhancements_disabled":false},"categories":[179,142,84],"tags":[],"yoast_head":"<!-- This site is optimized with the Yoast SEO plugin v18.1 - https:\/\/yoast.com\/wordpress\/plugins\/seo\/ -->\n<title>revis3d pr\u00e4sentiert CAD2VR\u00ae Mehrbenutzer Unterst\u00fctzung auf der Hannover Messe 2023 &ndash; revis3d GmbH<\/title>\n<meta name=\"description\" content=\"revis3d pr\u00e4sentiert CAD2VR\u00ae Mehrbenutzer Unterst\u00fctzung auf der Hannover Messe 2023\" \/>\n<meta name=\"robots\" content=\"index, follow, max-snippet:-1, max-image-preview:large, max-video-preview:-1\" \/>\n<link rel=\"canonical\" href=\"https:\/\/www.revis3d.com\/cms\/de\/cad2vr-mehrbenutzer-hannover-messe\/\" \/>\n<meta property=\"og:locale\" content=\"de_DE\" \/>\n<meta property=\"og:type\" content=\"article\" \/>\n<meta property=\"og:title\" content=\"revis3d pr\u00e4sentiert CAD2VR\u00ae Mehrbenutzer Unterst\u00fctzung auf der Hannover Messe 2023 &ndash; revis3d GmbH\" \/>\n<meta property=\"og:description\" content=\"revis3d pr\u00e4sentiert CAD2VR\u00ae Mehrbenutzer Unterst\u00fctzung auf der Hannover Messe 2023\" \/>\n<meta property=\"og:url\" content=\"https:\/\/www.revis3d.com\/cms\/de\/cad2vr-mehrbenutzer-hannover-messe\/\" \/>\n<meta property=\"og:site_name\" content=\"revis3d GmbH\" \/>\n<meta property=\"article:published_time\" content=\"2023-05-16T07:41:52+00:00\" \/>\n<meta property=\"article:modified_time\" content=\"2023-07-14T10:20:41+00:00\" \/>\n<meta property=\"og:image\" content=\"https:\/\/www.revis3d.com\/cms\/wp-content\/uploads\/2023\/05\/HM23_FWW_229-scaled-e1684219872642.jpg\" \/>\n\t<meta property=\"og:image:width\" content=\"2560\" \/>\n\t<meta property=\"og:image:height\" content=\"1440\" \/>\n\t<meta property=\"og:image:type\" content=\"image\/jpeg\" \/>\n<meta name=\"twitter:card\" content=\"summary\" \/>\n<meta name=\"twitter:label1\" content=\"Verfasst von\" \/>\n\t<meta name=\"twitter:data1\" content=\"hendrik\" \/>\n\t<meta name=\"twitter:label2\" content=\"Gesch\u00e4tzte Lesezeit\" \/>\n\t<meta name=\"twitter:data2\" content=\"6 Minuten\" \/>\n<script type=\"application\/ld+json\" class=\"yoast-schema-graph\">{\"@context\":\"https:\/\/schema.org\",\"@graph\":[{\"@type\":\"WebSite\",\"@id\":\"https:\/\/www.revis3d.com\/cms\/#website\",\"url\":\"https:\/\/www.revis3d.com\/cms\/\",\"name\":\"revis3d GmbH\",\"description\":\"Alles aus Ihren 3D-Daten\",\"potentialAction\":[{\"@type\":\"SearchAction\",\"target\":{\"@type\":\"EntryPoint\",\"urlTemplate\":\"https:\/\/www.revis3d.com\/cms\/?s={search_term_string}\"},\"query-input\":\"required name=search_term_string\"}],\"inLanguage\":\"de-DE\"},{\"@type\":\"ImageObject\",\"@id\":\"https:\/\/www.revis3d.com\/cms\/de\/cad2vr-mehrbenutzer-hannover-messe\/#primaryimage\",\"inLanguage\":\"de-DE\",\"url\":\"https:\/\/www.revis3d.com\/cms\/wp-content\/uploads\/2023\/05\/HM23_FWW_229-scaled-e1684219872642.jpg\",\"contentUrl\":\"https:\/\/www.revis3d.com\/cms\/wp-content\/uploads\/2023\/05\/HM23_FWW_229-scaled-e1684219872642.jpg\",\"width\":2560,\"height\":1440},{\"@type\":\"WebPage\",\"@id\":\"https:\/\/www.revis3d.com\/cms\/de\/cad2vr-mehrbenutzer-hannover-messe\/#webpage\",\"url\":\"https:\/\/www.revis3d.com\/cms\/de\/cad2vr-mehrbenutzer-hannover-messe\/\",\"name\":\"revis3d pr\u00e4sentiert CAD2VR\u00ae Mehrbenutzer Unterst\u00fctzung auf der Hannover Messe 2023 &ndash; revis3d GmbH\",\"isPartOf\":{\"@id\":\"https:\/\/www.revis3d.com\/cms\/#website\"},\"primaryImageOfPage\":{\"@id\":\"https:\/\/www.revis3d.com\/cms\/de\/cad2vr-mehrbenutzer-hannover-messe\/#primaryimage\"},\"datePublished\":\"2023-05-16T07:41:52+00:00\",\"dateModified\":\"2023-07-14T10:20:41+00:00\",\"author\":{\"@id\":\"https:\/\/www.revis3d.com\/cms\/#\/schema\/person\/6db37fe2a52d6a0094a6a4f380b741cb\"},\"description\":\"revis3d pr\u00e4sentiert CAD2VR\u00ae Mehrbenutzer Unterst\u00fctzung auf der Hannover Messe 2023\",\"breadcrumb\":{\"@id\":\"https:\/\/www.revis3d.com\/cms\/de\/cad2vr-mehrbenutzer-hannover-messe\/#breadcrumb\"},\"inLanguage\":\"de-DE\",\"potentialAction\":[{\"@type\":\"ReadAction\",\"target\":[\"https:\/\/www.revis3d.com\/cms\/de\/cad2vr-mehrbenutzer-hannover-messe\/\"]}]},{\"@type\":\"BreadcrumbList\",\"@id\":\"https:\/\/www.revis3d.com\/cms\/de\/cad2vr-mehrbenutzer-hannover-messe\/#breadcrumb\",\"itemListElement\":[{\"@type\":\"ListItem\",\"position\":1,\"name\":\"Startseite\",\"item\":\"https:\/\/www.revis3d.com\/cms\/de\/\"},{\"@type\":\"ListItem\",\"position\":2,\"name\":\"revis3d pr\u00e4sentiert CAD2VR\u00ae Mehrbenutzer Unterst\u00fctzung auf der Hannover Messe 2023\"}]},{\"@type\":\"Person\",\"@id\":\"https:\/\/www.revis3d.com\/cms\/#\/schema\/person\/6db37fe2a52d6a0094a6a4f380b741cb\",\"name\":\"hendrik\",\"image\":{\"@type\":\"ImageObject\",\"@id\":\"https:\/\/www.revis3d.com\/cms\/#personlogo\",\"inLanguage\":\"de-DE\",\"url\":\"https:\/\/secure.gravatar.com\/avatar\/9d17b3d9bb15843e52866d36bb077791?s=96&d=mm&r=g\",\"contentUrl\":\"https:\/\/secure.gravatar.com\/avatar\/9d17b3d9bb15843e52866d36bb077791?s=96&d=mm&r=g\",\"caption\":\"hendrik\"},\"url\":\"https:\/\/www.revis3d.com\/cms\/author\/hendrik\/\"}]}<\/script>\n<!-- \/ Yoast SEO plugin. -->","yoast_head_json":{"title":"revis3d pr\u00e4sentiert CAD2VR\u00ae Mehrbenutzer Unterst\u00fctzung auf der Hannover Messe 2023 &ndash; revis3d GmbH","description":"revis3d pr\u00e4sentiert CAD2VR\u00ae Mehrbenutzer Unterst\u00fctzung auf der Hannover Messe 2023","robots":{"index":"index","follow":"follow","max-snippet":"max-snippet:-1","max-image-preview":"max-image-preview:large","max-video-preview":"max-video-preview:-1"},"canonical":"https:\/\/www.revis3d.com\/cms\/de\/cad2vr-mehrbenutzer-hannover-messe\/","og_locale":"de_DE","og_type":"article","og_title":"revis3d pr\u00e4sentiert CAD2VR\u00ae Mehrbenutzer Unterst\u00fctzung auf der Hannover Messe 2023 &ndash; revis3d GmbH","og_description":"revis3d pr\u00e4sentiert CAD2VR\u00ae Mehrbenutzer Unterst\u00fctzung auf der Hannover Messe 2023","og_url":"https:\/\/www.revis3d.com\/cms\/de\/cad2vr-mehrbenutzer-hannover-messe\/","og_site_name":"revis3d GmbH","article_published_time":"2023-05-16T07:41:52+00:00","article_modified_time":"2023-07-14T10:20:41+00:00","og_image":[{"width":2560,"height":1440,"url":"https:\/\/www.revis3d.com\/cms\/wp-content\/uploads\/2023\/05\/HM23_FWW_229-scaled-e1684219872642.jpg","type":"image\/jpeg"}],"twitter_card":"summary","twitter_misc":{"Verfasst von":"hendrik","Gesch\u00e4tzte Lesezeit":"6 Minuten"},"schema":{"@context":"https:\/\/schema.org","@graph":[{"@type":"WebSite","@id":"https:\/\/www.revis3d.com\/cms\/#website","url":"https:\/\/www.revis3d.com\/cms\/","name":"revis3d GmbH","description":"Alles aus Ihren 3D-Daten","potentialAction":[{"@type":"SearchAction","target":{"@type":"EntryPoint","urlTemplate":"https:\/\/www.revis3d.com\/cms\/?s={search_term_string}"},"query-input":"required name=search_term_string"}],"inLanguage":"de-DE"},{"@type":"ImageObject","@id":"https:\/\/www.revis3d.com\/cms\/de\/cad2vr-mehrbenutzer-hannover-messe\/#primaryimage","inLanguage":"de-DE","url":"https:\/\/www.revis3d.com\/cms\/wp-content\/uploads\/2023\/05\/HM23_FWW_229-scaled-e1684219872642.jpg","contentUrl":"https:\/\/www.revis3d.com\/cms\/wp-content\/uploads\/2023\/05\/HM23_FWW_229-scaled-e1684219872642.jpg","width":2560,"height":1440},{"@type":"WebPage","@id":"https:\/\/www.revis3d.com\/cms\/de\/cad2vr-mehrbenutzer-hannover-messe\/#webpage","url":"https:\/\/www.revis3d.com\/cms\/de\/cad2vr-mehrbenutzer-hannover-messe\/","name":"revis3d pr\u00e4sentiert CAD2VR\u00ae Mehrbenutzer Unterst\u00fctzung auf der Hannover Messe 2023 &ndash; revis3d GmbH","isPartOf":{"@id":"https:\/\/www.revis3d.com\/cms\/#website"},"primaryImageOfPage":{"@id":"https:\/\/www.revis3d.com\/cms\/de\/cad2vr-mehrbenutzer-hannover-messe\/#primaryimage"},"datePublished":"2023-05-16T07:41:52+00:00","dateModified":"2023-07-14T10:20:41+00:00","author":{"@id":"https:\/\/www.revis3d.com\/cms\/#\/schema\/person\/6db37fe2a52d6a0094a6a4f380b741cb"},"description":"revis3d pr\u00e4sentiert CAD2VR\u00ae Mehrbenutzer Unterst\u00fctzung auf der Hannover Messe 2023","breadcrumb":{"@id":"https:\/\/www.revis3d.com\/cms\/de\/cad2vr-mehrbenutzer-hannover-messe\/#breadcrumb"},"inLanguage":"de-DE","potentialAction":[{"@type":"ReadAction","target":["https:\/\/www.revis3d.com\/cms\/de\/cad2vr-mehrbenutzer-hannover-messe\/"]}]},{"@type":"BreadcrumbList","@id":"https:\/\/www.revis3d.com\/cms\/de\/cad2vr-mehrbenutzer-hannover-messe\/#breadcrumb","itemListElement":[{"@type":"ListItem","position":1,"name":"Startseite","item":"https:\/\/www.revis3d.com\/cms\/de\/"},{"@type":"ListItem","position":2,"name":"revis3d pr\u00e4sentiert CAD2VR\u00ae Mehrbenutzer Unterst\u00fctzung auf der Hannover Messe 2023"}]},{"@type":"Person","@id":"https:\/\/www.revis3d.com\/cms\/#\/schema\/person\/6db37fe2a52d6a0094a6a4f380b741cb","name":"hendrik","image":{"@type":"ImageObject","@id":"https:\/\/www.revis3d.com\/cms\/#personlogo","inLanguage":"de-DE","url":"https:\/\/secure.gravatar.com\/avatar\/9d17b3d9bb15843e52866d36bb077791?s=96&d=mm&r=g","contentUrl":"https:\/\/secure.gravatar.com\/avatar\/9d17b3d9bb15843e52866d36bb077791?s=96&d=mm&r=g","caption":"hendrik"},"url":"https:\/\/www.revis3d.com\/cms\/author\/hendrik\/"}]}},"_links":{"self":[{"href":"https:\/\/www.revis3d.com\/cms\/wp-json\/wp\/v2\/posts\/8919"}],"collection":[{"href":"https:\/\/www.revis3d.com\/cms\/wp-json\/wp\/v2\/posts"}],"about":[{"href":"https:\/\/www.revis3d.com\/cms\/wp-json\/wp\/v2\/types\/post"}],"author":[{"embeddable":true,"href":"https:\/\/www.revis3d.com\/cms\/wp-json\/wp\/v2\/users\/2"}],"replies":[{"embeddable":true,"href":"https:\/\/www.revis3d.com\/cms\/wp-json\/wp\/v2\/comments?post=8919"}],"version-history":[{"count":1,"href":"https:\/\/www.revis3d.com\/cms\/wp-json\/wp\/v2\/posts\/8919\/revisions"}],"predecessor-version":[{"id":9327,"href":"https:\/\/www.revis3d.com\/cms\/wp-json\/wp\/v2\/posts\/8919\/revisions\/9327"}],"wp:featuredmedia":[{"embeddable":true,"href":"https:\/\/www.revis3d.com\/cms\/wp-json\/wp\/v2\/media\/8917"}],"wp:attachment":[{"href":"https:\/\/www.revis3d.com\/cms\/wp-json\/wp\/v2\/media?parent=8919"}],"wp:term":[{"taxonomy":"category","embeddable":true,"href":"https:\/\/www.revis3d.com\/cms\/wp-json\/wp\/v2\/categories?post=8919"},{"taxonomy":"post_tag","embeddable":true,"href":"https:\/\/www.revis3d.com\/cms\/wp-json\/wp\/v2\/tags?post=8919"}],"curies":[{"name":"wp","href":"https:\/\/api.w.org\/{rel}","templated":true}]}}